{"id":12,"date":"2022-08-20T00:32:11","date_gmt":"2022-08-20T03:32:11","guid":{"rendered":"https:\/\/transfer.med.br\/blog\/?p=12"},"modified":"2022-08-23T09:51:48","modified_gmt":"2022-08-23T12:51:48","slug":"radiologia-dentaria-e-processamento-de-imagem-digital","status":"publish","type":"post","link":"https:\/\/transfer.med.br\/blog\/index.php\/2022\/08\/20\/radiologia-dentaria-e-processamento-de-imagem-digital\/","title":{"rendered":"Radiologia dent\u00e1ria e processamento de imagem digital"},"content":{"rendered":"\n<p>O uso da radiografia dental \u00e9 crucial para o diagn\u00f3stico de v\u00e1rias condi\u00e7\u00f5es. Esses filmes s\u00e3o uma parte vital do tratamento odontol\u00f3gico e s\u00e3o usados para determinar o n\u00edvel de doen\u00e7a, anormalidades e ossos restantes ap\u00f3s a extra\u00e7\u00e3o de um dente. O dentista deve seguir as diretrizes da ADA e os padr\u00f5es federais e estaduais e deve documentar os tipos de radiografias e descobertas cl\u00ednicas. Al\u00e9m disso, os dentistas devem revisar todos os riscos poss\u00edveis de radiografia dent\u00e1ria antes de administrar qualquer procedimento.<\/p>\n\n\n\n<p>A imagem de diagn\u00f3stico moderna usa processamento de imagem digital para melhorar o atendimento ao paciente. As imagens digitais podem incluir radiografia intra-oral, radiografia panor\u00e2mica, radiografia de cr\u00e2nio-sinus e CT.O DICOM \u00e9 um formato de dados universal usado para imagens e armazenamento de imagens m\u00e9dicas. V\u00e1rias aplica\u00e7\u00f5es de imagem odontol\u00f3gica usam o dicom v.3. O DICOM V.3 tamb\u00e9m inclui formatos de dados espec\u00edficos dent\u00e1rios, como JPEG e Bitmap. Imagens dent\u00e1rias s\u00e3o feitas com diferentes m\u00e9todos de imagem, incluindo radiografia dental, CBCT e resson\u00e2ncia magn\u00e9tica.<\/p>\n\n\n\n<p>A melhor maneira de ver imagens dent\u00e1rias \u00e9 usar um monitor de alta resolu\u00e7\u00e3o com uma alta lumin\u00e2ncia m\u00e1xima. As melhores configura\u00e7\u00f5es de exibi\u00e7\u00e3o de imagem correspondem \u00e0 sensibilidade do contraste do olho humano. Para conseguir isso, calibre seu monitor com uma parte 14 ou GSDF padronizada. A radiografia dental \u00e9 um campo em r\u00e1pida evolu\u00e7\u00e3o, e os avan\u00e7os no design do computador podem tornar imposs\u00edvel ler imagens de diagn\u00f3stico no futuro. Portanto, se voc\u00ea \u00e9 um profissional de odontologia, precisar\u00e1 comprar um monitor de alta qualidade e obter um&nbsp;<a href=\"https:\/\/toprad.com.br\/\" target=\"_blank\" rel=\"noreferrer noopener\">sistema<\/a>&nbsp;de radiografia dental digital de boa qualidade.<\/p>\n\n\n\n<p>Os relat\u00f3rios de radiologia dent\u00e1ria devem ser precisos e f\u00e1ceis de ler. Idealmente, os radiologistas dent\u00e1rios usar\u00e3o a DiCom Removable Media (DCM) para trocar relat\u00f3rios de imagens digitais entre hospitais e pr\u00e1ticas. Isso ajudar\u00e1 a evitar erros e manter o investimento em imagens dent\u00e1rias em imagens digitais. Al\u00e9m disso, um DRM pode ser usado para trocar relat\u00f3rios radiogr\u00e1ficos entre duas pr\u00e1ticas, para que as informa\u00e7\u00f5es possam ser transferidas de maneira f\u00e1cil e segura. Al\u00e9m de fornecer informa\u00e7\u00f5es precisas e atualizadas, um sistema compat\u00edvel com DICOM minimizar\u00e1 os tempos de espera do paciente.<\/p>\n\n\n\n<p>Um dos usos mais comuns e importantes da radiografia dental \u00e9 para diagn\u00f3stico e tratamento da reabsor\u00e7\u00e3o dent\u00e1ria. No caso de les\u00f5es do tipo 2, \u00e9 importante tomar raios-X. As les\u00f5es tipo 2 s\u00e3o dif\u00edceis de extrair e podem exigir extra\u00e7\u00e3o, mas n\u00e3o requerem infec\u00e7\u00e3o endod\u00f4ntica. Nesses casos, uma amputa\u00e7\u00e3o da coroa pode ser indicada. Para outros casos, a amputa\u00e7\u00e3o da coroa n\u00e3o pode ser recomendada, incluindo a luc\u00eancia periapicais e a perda de apego periodontal.<\/p>\n\n\n\n<p>Outro uso para radiografia dental \u00e9 o diagn\u00f3stico de infec\u00e7\u00f5es. Embora seja raro ver dentes fraturados sob a linha da gengiva, esse problema \u00e9 comum em adultos. Ap\u00f3s os raios X revelam a presen\u00e7a de infec\u00e7\u00e3o endod\u00f4ntica, \u00e9 indicada uma extra\u00e7\u00e3o cir\u00fargica. A extra\u00e7\u00e3o cir\u00fargica aliviar\u00e1 a dor e eliminar\u00e1 a infec\u00e7\u00e3o. Um dente que n\u00e3o est\u00e1 infectado pode ser deixado no local se n\u00e3o for poss\u00edvel reabsor\u00e7\u00e3o\/anquilose.<\/p>\n","protected":false},"excerpt":{"rendered":"<p>O uso da radiografia dental \u00e9 crucial para o diagn\u00f3stico de v\u00e1rias condi\u00e7\u00f5es. Esses filmes s\u00e3o uma parte vital do tratamento odontol\u00f3gico e s\u00e3o usados para determinar o n\u00edvel de doen\u00e7a, anormalidades e ossos restantes ap\u00f3s a extra\u00e7\u00e3o de um dente. O dentista deve seguir as diretrizes da ADA e os padr\u00f5es federais e estaduais &hellip;<\/p>\n<p class=\"read-more\"> <a class=\"\" href=\"https:\/\/transfer.med.br\/blog\/index.php\/2022\/08\/20\/radiologia-dentaria-e-processamento-de-imagem-digital\/\"> <span class=\"screen-reader-text\">Radiologia dent\u00e1ria e processamento de imagem digital<\/span> Leia mais &raquo;<\/a><\/p>\n","protected":false},"author":1,"featured_media":0,"comment_status":"open","ping_status":"open","sticky":false,"template":"","format":"standard","meta":{"site-sidebar-layout":"default","site-content-layout":"default","ast-global-header-display":"","ast-main-header-display":"","ast-hfb-above-header-display":"","ast-hfb-below-header-display":"","ast-hfb-mobile-header-display":"","site-post-title":"","ast-breadcrumbs-content":"","ast-featured-img":"","footer-sml-layout":"","theme-transparent-header-meta":"","adv-header-id-meta":"","stick-header-meta":"","header-above-stick-meta":"","header-main-stick-meta":"","header-below-stick-meta":""},"categories":[1],"tags":[],"yoast_head":"<!-- This site is optimized with the Yoast SEO plugin v19.6 - https:\/\/yoast.com\/wordpress\/plugins\/seo\/ -->\n<title>Radiologia dent\u00e1ria e processamento de imagem digital - Blog das Cl\u00ednicas<\/title>\n<meta name=\"robots\" content=\"index, follow, max-snippet:-1, max-image-preview:large, max-video-preview:-1\" \/>\n<link rel=\"canonical\" href=\"https:\/\/transfer.med.br\/blog\/index.php\/2022\/08\/20\/radiologia-dentaria-e-processamento-de-imagem-digital\/\" \/>\n<meta property=\"og:locale\" content=\"pt_BR\" \/>\n<meta property=\"og:type\" content=\"article\" \/>\n<meta property=\"og:title\" content=\"Radiologia dent\u00e1ria e processamento de imagem digital - Blog das Cl\u00ednicas\" \/>\n<meta property=\"og:description\" content=\"O uso da radiografia dental \u00e9 crucial para o diagn\u00f3stico de v\u00e1rias condi\u00e7\u00f5es. Esses filmes s\u00e3o uma parte vital do tratamento odontol\u00f3gico e s\u00e3o usados para determinar o n\u00edvel de doen\u00e7a, anormalidades e ossos restantes ap\u00f3s a extra\u00e7\u00e3o de um dente. O dentista deve seguir as diretrizes da ADA e os padr\u00f5es federais e estaduais &hellip; Radiologia dent\u00e1ria e processamento de imagem digital Leia mais &raquo;\" \/>\n<meta property=\"og:url\" content=\"https:\/\/transfer.med.br\/blog\/index.php\/2022\/08\/20\/radiologia-dentaria-e-processamento-de-imagem-digital\/\" \/>\n<meta property=\"og:site_name\" content=\"Blog das Cl\u00ednicas\" \/>\n<meta property=\"article:publisher\" content=\"https:\/\/www.facebook.com\/transfermed\/\" \/>\n<meta property=\"article:published_time\" content=\"2022-08-20T03:32:11+00:00\" \/>\n<meta property=\"article:modified_time\" content=\"2022-08-23T12:51:48+00:00\" \/>\n<meta name=\"author\" content=\"root\" \/>\n<meta name=\"twitter:card\" content=\"summary_large_image\" \/>\n<meta name=\"twitter:label1\" content=\"Escrito por\" \/>\n\t<meta name=\"twitter:data1\" content=\"root\" \/>\n\t<meta name=\"twitter:label2\" content=\"Est. tempo de leitura\" \/>\n\t<meta name=\"twitter:data2\" content=\"3 minutos\" \/>\n<script type=\"application\/ld+json\" class=\"yoast-schema-graph\">{\"@context\":\"https:\/\/schema.org\",\"@graph\":[{\"@type\":\"Article\",\"@id\":\"https:\/\/transfer.med.br\/blog\/index.php\/2022\/08\/20\/radiologia-dentaria-e-processamento-de-imagem-digital\/#article\",\"isPartOf\":{\"@id\":\"https:\/\/transfer.med.br\/blog\/index.php\/2022\/08\/20\/radiologia-dentaria-e-processamento-de-imagem-digital\/\"},\"author\":{\"name\":\"root\",\"@id\":\"https:\/\/transfer.med.br\/blog\/#\/schema\/person\/9321d2d6d3b67a6329e9cc416460de8c\"},\"headline\":\"Radiologia dent\u00e1ria e processamento de imagem digital\",\"datePublished\":\"2022-08-20T03:32:11+00:00\",\"dateModified\":\"2022-08-23T12:51:48+00:00\",\"mainEntityOfPage\":{\"@id\":\"https:\/\/transfer.med.br\/blog\/index.php\/2022\/08\/20\/radiologia-dentaria-e-processamento-de-imagem-digital\/\"},\"wordCount\":587,\"commentCount\":0,\"publisher\":{\"@id\":\"https:\/\/transfer.med.br\/blog\/#organization\"},\"inLanguage\":\"pt-BR\",\"potentialAction\":[{\"@type\":\"CommentAction\",\"name\":\"Comment\",\"target\":[\"https:\/\/transfer.med.br\/blog\/index.php\/2022\/08\/20\/radiologia-dentaria-e-processamento-de-imagem-digital\/#respond\"]}]},{\"@type\":\"WebPage\",\"@id\":\"https:\/\/transfer.med.br\/blog\/index.php\/2022\/08\/20\/radiologia-dentaria-e-processamento-de-imagem-digital\/\",\"url\":\"https:\/\/transfer.med.br\/blog\/index.php\/2022\/08\/20\/radiologia-dentaria-e-processamento-de-imagem-digital\/\",\"name\":\"Radiologia dent\u00e1ria e processamento de imagem digital - Blog das Cl\u00ednicas\",\"isPartOf\":{\"@id\":\"https:\/\/transfer.med.br\/blog\/#website\"},\"datePublished\":\"2022-08-20T03:32:11+00:00\",\"dateModified\":\"2022-08-23T12:51:48+00:00\",\"breadcrumb\":{\"@id\":\"https:\/\/transfer.med.br\/blog\/index.php\/2022\/08\/20\/radiologia-dentaria-e-processamento-de-imagem-digital\/#breadcrumb\"},\"inLanguage\":\"pt-BR\",\"potentialAction\":[{\"@type\":\"ReadAction\",\"target\":[\"https:\/\/transfer.med.br\/blog\/index.php\/2022\/08\/20\/radiologia-dentaria-e-processamento-de-imagem-digital\/\"]}]},{\"@type\":\"BreadcrumbList\",\"@id\":\"https:\/\/transfer.med.br\/blog\/index.php\/2022\/08\/20\/radiologia-dentaria-e-processamento-de-imagem-digital\/#breadcrumb\",\"itemListElement\":[{\"@type\":\"ListItem\",\"position\":1,\"name\":\"In\u00edcio\",\"item\":\"https:\/\/transfer.med.br\/blog\/\"},{\"@type\":\"ListItem\",\"position\":2,\"name\":\"Radiologia dent\u00e1ria e processamento de imagem digital\"}]},{\"@type\":\"WebSite\",\"@id\":\"https:\/\/transfer.med.br\/blog\/#website\",\"url\":\"https:\/\/transfer.med.br\/blog\/\",\"name\":\"Blog das Cl\u00ednicas\",\"description\":\"Artigos para cl\u00ednicas que desejam crescer\",\"publisher\":{\"@id\":\"https:\/\/transfer.med.br\/blog\/#organization\"},\"potentialAction\":[{\"@type\":\"SearchAction\",\"target\":{\"@type\":\"EntryPoint\",\"urlTemplate\":\"https:\/\/transfer.med.br\/blog\/?s={search_term_string}\"},\"query-input\":\"required name=search_term_string\"}],\"inLanguage\":\"pt-BR\"},{\"@type\":\"Organization\",\"@id\":\"https:\/\/transfer.med.br\/blog\/#organization\",\"name\":\"Blog das Cl\u00ednicas | Transfer.med.br\",\"url\":\"https:\/\/transfer.med.br\/blog\/\",\"sameAs\":[\"https:\/\/www.instagram.com\/transfer.med.br\/\",\"https:\/\/www.facebook.com\/transfermed\/\"],\"logo\":{\"@type\":\"ImageObject\",\"inLanguage\":\"pt-BR\",\"@id\":\"https:\/\/transfer.med.br\/blog\/#\/schema\/logo\/image\/\",\"url\":\"https:\/\/transfer.med.br\/blog\/wp-content\/uploads\/2022\/08\/l1.png\",\"contentUrl\":\"https:\/\/transfer.med.br\/blog\/wp-content\/uploads\/2022\/08\/l1.png\",\"width\":512,\"height\":512,\"caption\":\"Blog das Cl\u00ednicas | Transfer.med.br\"},\"image\":{\"@id\":\"https:\/\/transfer.med.br\/blog\/#\/schema\/logo\/image\/\"}},{\"@type\":\"Person\",\"@id\":\"https:\/\/transfer.med.br\/blog\/#\/schema\/person\/9321d2d6d3b67a6329e9cc416460de8c\",\"name\":\"root\",\"image\":{\"@type\":\"ImageObject\",\"inLanguage\":\"pt-BR\",\"@id\":\"https:\/\/transfer.med.br\/blog\/#\/schema\/person\/image\/\",\"url\":\"https:\/\/secure.gravatar.com\/avatar\/8cf6d9049aeb7932229352ab47b28308?s=96&d=mm&r=g\",\"contentUrl\":\"https:\/\/secure.gravatar.com\/avatar\/8cf6d9049aeb7932229352ab47b28308?s=96&d=mm&r=g\",\"caption\":\"root\"},\"sameAs\":[\"https:\/\/transfer.med.br\/blog\"],\"url\":\"https:\/\/transfer.med.br\/blog\/index.php\/author\/root\/\"}]}<\/script>\n<!-- \/ Yoast SEO plugin. -->","yoast_head_json":{"title":"Radiologia dent\u00e1ria e processamento de imagem digital - Blog das Cl\u00ednicas","robots":{"index":"index","follow":"follow","max-snippet":"max-snippet:-1","max-image-preview":"max-image-preview:large","max-video-preview":"max-video-preview:-1"},"canonical":"https:\/\/transfer.med.br\/blog\/index.php\/2022\/08\/20\/radiologia-dentaria-e-processamento-de-imagem-digital\/","og_locale":"pt_BR","og_type":"article","og_title":"Radiologia dent\u00e1ria e processamento de imagem digital - Blog das Cl\u00ednicas","og_description":"O uso da radiografia dental \u00e9 crucial para o diagn\u00f3stico de v\u00e1rias condi\u00e7\u00f5es. Esses filmes s\u00e3o uma parte vital do tratamento odontol\u00f3gico e s\u00e3o usados para determinar o n\u00edvel de doen\u00e7a, anormalidades e ossos restantes ap\u00f3s a extra\u00e7\u00e3o de um dente. O dentista deve seguir as diretrizes da ADA e os padr\u00f5es federais e estaduais &hellip; Radiologia dent\u00e1ria e processamento de imagem digital Leia mais &raquo;","og_url":"https:\/\/transfer.med.br\/blog\/index.php\/2022\/08\/20\/radiologia-dentaria-e-processamento-de-imagem-digital\/","og_site_name":"Blog das Cl\u00ednicas","article_publisher":"https:\/\/www.facebook.com\/transfermed\/","article_published_time":"2022-08-20T03:32:11+00:00","article_modified_time":"2022-08-23T12:51:48+00:00","author":"root","twitter_card":"summary_large_image","twitter_misc":{"Escrito por":"root","Est. tempo de leitura":"3 minutos"},"schema":{"@context":"https:\/\/schema.org","@graph":[{"@type":"Article","@id":"https:\/\/transfer.med.br\/blog\/index.php\/2022\/08\/20\/radiologia-dentaria-e-processamento-de-imagem-digital\/#article","isPartOf":{"@id":"https:\/\/transfer.med.br\/blog\/index.php\/2022\/08\/20\/radiologia-dentaria-e-processamento-de-imagem-digital\/"},"author":{"name":"root","@id":"https:\/\/transfer.med.br\/blog\/#\/schema\/person\/9321d2d6d3b67a6329e9cc416460de8c"},"headline":"Radiologia dent\u00e1ria e processamento de imagem digital","datePublished":"2022-08-20T03:32:11+00:00","dateModified":"2022-08-23T12:51:48+00:00","mainEntityOfPage":{"@id":"https:\/\/transfer.med.br\/blog\/index.php\/2022\/08\/20\/radiologia-dentaria-e-processamento-de-imagem-digital\/"},"wordCount":587,"commentCount":0,"publisher":{"@id":"https:\/\/transfer.med.br\/blog\/#organization"},"inLanguage":"pt-BR","potentialAction":[{"@type":"CommentAction","name":"Comment","target":["https:\/\/transfer.med.br\/blog\/index.php\/2022\/08\/20\/radiologia-dentaria-e-processamento-de-imagem-digital\/#respond"]}]},{"@type":"WebPage","@id":"https:\/\/transfer.med.br\/blog\/index.php\/2022\/08\/20\/radiologia-dentaria-e-processamento-de-imagem-digital\/","url":"https:\/\/transfer.med.br\/blog\/index.php\/2022\/08\/20\/radiologia-dentaria-e-processamento-de-imagem-digital\/","name":"Radiologia dent\u00e1ria e processamento de imagem digital - Blog das Cl\u00ednicas","isPartOf":{"@id":"https:\/\/transfer.med.br\/blog\/#website"},"datePublished":"2022-08-20T03:32:11+00:00","dateModified":"2022-08-23T12:51:48+00:00","breadcrumb":{"@id":"https:\/\/transfer.med.br\/blog\/index.php\/2022\/08\/20\/radiologia-dentaria-e-processamento-de-imagem-digital\/#breadcrumb"},"inLanguage":"pt-BR","potentialAction":[{"@type":"ReadAction","target":["https:\/\/transfer.med.br\/blog\/index.php\/2022\/08\/20\/radiologia-dentaria-e-processamento-de-imagem-digital\/"]}]},{"@type":"BreadcrumbList","@id":"https:\/\/transfer.med.br\/blog\/index.php\/2022\/08\/20\/radiologia-dentaria-e-processamento-de-imagem-digital\/#breadcrumb","itemListElement":[{"@type":"ListItem","position":1,"name":"In\u00edcio","item":"https:\/\/transfer.med.br\/blog\/"},{"@type":"ListItem","position":2,"name":"Radiologia dent\u00e1ria e processamento de imagem digital"}]},{"@type":"WebSite","@id":"https:\/\/transfer.med.br\/blog\/#website","url":"https:\/\/transfer.med.br\/blog\/","name":"Blog das Cl\u00ednicas","description":"Artigos para cl\u00ednicas que desejam crescer","publisher":{"@id":"https:\/\/transfer.med.br\/blog\/#organization"},"potentialAction":[{"@type":"SearchAction","target":{"@type":"EntryPoint","urlTemplate":"https:\/\/transfer.med.br\/blog\/?s={search_term_string}"},"query-input":"required name=search_term_string"}],"inLanguage":"pt-BR"},{"@type":"Organization","@id":"https:\/\/transfer.med.br\/blog\/#organization","name":"Blog das Cl\u00ednicas | Transfer.med.br","url":"https:\/\/transfer.med.br\/blog\/","sameAs":["https:\/\/www.instagram.com\/transfer.med.br\/","https:\/\/www.facebook.com\/transfermed\/"],"logo":{"@type":"ImageObject","inLanguage":"pt-BR","@id":"https:\/\/transfer.med.br\/blog\/#\/schema\/logo\/image\/","url":"https:\/\/transfer.med.br\/blog\/wp-content\/uploads\/2022\/08\/l1.png","contentUrl":"https:\/\/transfer.med.br\/blog\/wp-content\/uploads\/2022\/08\/l1.png","width":512,"height":512,"caption":"Blog das Cl\u00ednicas | Transfer.med.br"},"image":{"@id":"https:\/\/transfer.med.br\/blog\/#\/schema\/logo\/image\/"}},{"@type":"Person","@id":"https:\/\/transfer.med.br\/blog\/#\/schema\/person\/9321d2d6d3b67a6329e9cc416460de8c","name":"root","image":{"@type":"ImageObject","inLanguage":"pt-BR","@id":"https:\/\/transfer.med.br\/blog\/#\/schema\/person\/image\/","url":"https:\/\/secure.gravatar.com\/avatar\/8cf6d9049aeb7932229352ab47b28308?s=96&d=mm&r=g","contentUrl":"https:\/\/secure.gravatar.com\/avatar\/8cf6d9049aeb7932229352ab47b28308?s=96&d=mm&r=g","caption":"root"},"sameAs":["https:\/\/transfer.med.br\/blog"],"url":"https:\/\/transfer.med.br\/blog\/index.php\/author\/root\/"}]}},"_links":{"self":[{"href":"https:\/\/transfer.med.br\/blog\/index.php\/wp-json\/wp\/v2\/posts\/12"}],"collection":[{"href":"https:\/\/transfer.med.br\/blog\/index.php\/wp-json\/wp\/v2\/posts"}],"about":[{"href":"https:\/\/transfer.med.br\/blog\/index.php\/wp-json\/wp\/v2\/types\/post"}],"author":[{"embeddable":true,"href":"https:\/\/transfer.med.br\/blog\/index.php\/wp-json\/wp\/v2\/users\/1"}],"replies":[{"embeddable":true,"href":"https:\/\/transfer.med.br\/blog\/index.php\/wp-json\/wp\/v2\/comments?post=12"}],"version-history":[{"count":1,"href":"https:\/\/transfer.med.br\/blog\/index.php\/wp-json\/wp\/v2\/posts\/12\/revisions"}],"predecessor-version":[{"id":13,"href":"https:\/\/transfer.med.br\/blog\/index.php\/wp-json\/wp\/v2\/posts\/12\/revisions\/13"}],"wp:attachment":[{"href":"https:\/\/transfer.med.br\/blog\/index.php\/wp-json\/wp\/v2\/media?parent=12"}],"wp:term":[{"taxonomy":"category","embeddable":true,"href":"https:\/\/transfer.med.br\/blog\/index.php\/wp-json\/wp\/v2\/categories?post=12"},{"taxonomy":"post_tag","embeddable":true,"href":"https:\/\/transfer.med.br\/blog\/index.php\/wp-json\/wp\/v2\/tags?post=12"}],"curies":[{"name":"wp","href":"https:\/\/api.w.org\/{rel}","templated":true}]}}