{"id":20,"date":"2022-08-23T06:53:45","date_gmt":"2022-08-23T09:53:45","guid":{"rendered":"https:\/\/transfer.med.br\/blog\/?p=20"},"modified":"2022-08-23T09:41:57","modified_gmt":"2022-08-23T12:41:57","slug":"sistema-de-radiologia-pacs-e-integracao-ris-pacs","status":"publish","type":"post","link":"https:\/\/transfer.med.br\/blog\/index.php\/2022\/08\/23\/sistema-de-radiologia-pacs-e-integracao-ris-pacs\/","title":{"rendered":"Sistema de Radiologia PACS e Integra\u00e7\u00e3o RIS-PACS"},"content":{"rendered":"\n<p>O&nbsp;<a href=\"https:\/\/toprad.com.br\/\" target=\"_blank\" rel=\"noreferrer noopener\">PACS<\/a>, ou o&nbsp;<a href=\"https:\/\/toprad.com.br\/\" target=\"_blank\" rel=\"noreferrer noopener\">sistema<\/a>&nbsp;de arquivamento e comunica\u00e7\u00e3o de&nbsp;<a href=\"https:\/\/toprad.com.br\/\" target=\"_blank\" rel=\"noreferrer noopener\">imagens<\/a>, \u00e9 uma tecnologia que simplifica o armazenamento, o compartilhamento e a an\u00e1lise de imagens de pacientes e os registros muito mais simples. Comparado ao m\u00e9todo tradicional de usar filmes e discos, o PACS armazena imagens nos arquivos locais e em nuvem, para que os radiologistas possam acess\u00e1 -los sempre que precisam. Devido \u00e0 sua automa\u00e7\u00e3o, o PACS tamb\u00e9m facilita para os radiologistas enviar imagens para um EHR ou seu em um formato que \u00e9 conveniente para eles.<\/p>\n\n\n\n<p>A integra\u00e7\u00e3o do&nbsp;<a href=\"https:\/\/toprad.com.br\/\" target=\"_blank\" rel=\"noreferrer noopener\">RIS<\/a>&nbsp;e do PACS \u00e9 essencial para garantir que as informa\u00e7\u00f5es corretas estejam dispon\u00edveis para o usu\u00e1rio certo no momento certo. A integra\u00e7\u00e3o reduz os custos operacionais e melhora o acesso a dados e relat\u00f3rios de imagens m\u00e9dicas. Tamb\u00e9m elimina gargalos, permitindo um fluxo de trabalho unificado na asa de&nbsp;<a href=\"https:\/\/toprad.com.br\/\" target=\"_blank\" rel=\"noreferrer noopener\">radiologia<\/a>. Al\u00e9m disso, a integra\u00e7\u00e3o do RIS\/PACS permite que os usu\u00e1rios executem muitas tarefas em um sistema. Al\u00e9m disso, reduz a necessidade de alternar entre v\u00e1rios sistemas e&nbsp;<a href=\"https:\/\/toprad.com.br\/\" target=\"_blank\" rel=\"noreferrer noopener\">software<\/a>.<\/p>\n\n\n\n<p>A integra\u00e7\u00e3o de RIS\/PACS com departamentos de radiologia \u00e9 essencial para aumentar a efici\u00eancia e reduzir os custos. Este sistema permite a tomada de decis\u00e3o cl\u00ednica mais r\u00e1pida e precisa. Tamb\u00e9m melhora a comunica\u00e7\u00e3o entre m\u00e9dicos de refer\u00eancia, t\u00e9cnicos de radiologia e transcriptionists. Al\u00e9m disso, a integra\u00e7\u00e3o do RIS\/PACS tamb\u00e9m permite que os radiologistas compartilhem dados com outros prestadores de servi\u00e7os de sa\u00fade, resultando em um melhor atendimento ao paciente. A integra\u00e7\u00e3o entre RIS e PACS tamb\u00e9m reduz a chance de erro humano.<\/p>\n\n\n\n<p>A integra\u00e7\u00e3o do RIS\/PACS ajuda os m\u00e9dicos a gerenciar e compartilhar dados de radiologia facilmente. Ele permite a troca de informa\u00e7\u00f5es entre o RIS e o PACS diretamente, seguindo as diretrizes da empresa integrada de sa\u00fade. Isso elimina a necessidade de um corretor de terceiros. Isso significa que o sistema ser\u00e1 mais confi\u00e1vel e seguro do que era antes. Melhora o fluxo de trabalho e reduz os custos, fornecendo acesso pr\u00f3ximo aos dados e imagens do paciente. Tamb\u00e9m melhora o atendimento ao paciente, garantindo dados consistentes e recupera\u00e7\u00e3o de imagens.<\/p>\n","protected":false},"excerpt":{"rendered":"<p>O&nbsp;PACS, ou o&nbsp;sistema&nbsp;de arquivamento e comunica\u00e7\u00e3o de&nbsp;imagens, \u00e9 uma tecnologia que simplifica o armazenamento, o compartilhamento e a an\u00e1lise de imagens de pacientes e os registros muito mais simples. Comparado ao m\u00e9todo tradicional de usar filmes e discos, o PACS armazena imagens nos arquivos locais e em nuvem, para que os radiologistas possam acess\u00e1 -los &hellip;<\/p>\n<p class=\"read-more\"> <a class=\"\" href=\"https:\/\/transfer.med.br\/blog\/index.php\/2022\/08\/23\/sistema-de-radiologia-pacs-e-integracao-ris-pacs\/\"> <span class=\"screen-reader-text\">Sistema de Radiologia PACS e Integra\u00e7\u00e3o RIS-PACS<\/span> Leia mais &raquo;<\/a><\/p>\n","protected":false},"author":1,"featured_media":34,"comment_status":"open","ping_status":"open","sticky":false,"template":"","format":"standard","meta":{"site-sidebar-layout":"default","site-content-layout":"default","ast-global-header-display":"","ast-main-header-display":"","ast-hfb-above-header-display":"","ast-hfb-below-header-display":"","ast-hfb-mobile-header-display":"","site-post-title":"","ast-breadcrumbs-content":"","ast-featured-img":"","footer-sml-layout":"","theme-transparent-header-meta":"","adv-header-id-meta":"","stick-header-meta":"","header-above-stick-meta":"","header-main-stick-meta":"","header-below-stick-meta":""},"categories":[1],"tags":[],"yoast_head":"<!-- This site is optimized with the Yoast SEO plugin v19.6 - https:\/\/yoast.com\/wordpress\/plugins\/seo\/ -->\n<title>Sistema de Radiologia PACS e Integra\u00e7\u00e3o RIS-PACS - Blog das Cl\u00ednicas<\/title>\n<meta name=\"robots\" content=\"index, follow, max-snippet:-1, max-image-preview:large, max-video-preview:-1\" \/>\n<link rel=\"canonical\" href=\"https:\/\/transfer.med.br\/blog\/index.php\/2022\/08\/23\/sistema-de-radiologia-pacs-e-integracao-ris-pacs\/\" \/>\n<meta property=\"og:locale\" content=\"pt_BR\" \/>\n<meta property=\"og:type\" content=\"article\" \/>\n<meta property=\"og:title\" content=\"Sistema de Radiologia PACS e Integra\u00e7\u00e3o RIS-PACS - Blog das Cl\u00ednicas\" \/>\n<meta property=\"og:description\" content=\"O&nbsp;PACS, ou o&nbsp;sistema&nbsp;de arquivamento e comunica\u00e7\u00e3o de&nbsp;imagens, \u00e9 uma tecnologia que simplifica o armazenamento, o compartilhamento e a an\u00e1lise de imagens de pacientes e os registros muito mais simples. Comparado ao m\u00e9todo tradicional de usar filmes e discos, o PACS armazena imagens nos arquivos locais e em nuvem, para que os radiologistas possam acess\u00e1 -los &hellip; Sistema de Radiologia PACS e Integra\u00e7\u00e3o RIS-PACS Leia mais &raquo;\" \/>\n<meta property=\"og:url\" content=\"https:\/\/transfer.med.br\/blog\/index.php\/2022\/08\/23\/sistema-de-radiologia-pacs-e-integracao-ris-pacs\/\" \/>\n<meta property=\"og:site_name\" content=\"Blog das Cl\u00ednicas\" \/>\n<meta property=\"article:publisher\" content=\"https:\/\/www.facebook.com\/transfermed\/\" \/>\n<meta property=\"article:published_time\" content=\"2022-08-23T09:53:45+00:00\" \/>\n<meta property=\"article:modified_time\" content=\"2022-08-23T12:41:57+00:00\" \/>\n<meta property=\"og:image\" content=\"https:\/\/transfer.med.br\/blog\/wp-content\/uploads\/2022\/08\/IMG_8721.png\" \/>\n\t<meta property=\"og:image:width\" content=\"751\" \/>\n\t<meta property=\"og:image:height\" content=\"408\" \/>\n\t<meta property=\"og:image:type\" content=\"image\/png\" \/>\n<meta name=\"author\" content=\"root\" \/>\n<meta name=\"twitter:card\" content=\"summary_large_image\" \/>\n<meta name=\"twitter:label1\" content=\"Escrito por\" \/>\n\t<meta name=\"twitter:data1\" content=\"root\" \/>\n\t<meta name=\"twitter:label2\" content=\"Est. tempo de leitura\" \/>\n\t<meta name=\"twitter:data2\" content=\"2 minutos\" \/>\n<script type=\"application\/ld+json\" class=\"yoast-schema-graph\">{\"@context\":\"https:\/\/schema.org\",\"@graph\":[{\"@type\":\"Article\",\"@id\":\"https:\/\/transfer.med.br\/blog\/index.php\/2022\/08\/23\/sistema-de-radiologia-pacs-e-integracao-ris-pacs\/#article\",\"isPartOf\":{\"@id\":\"https:\/\/transfer.med.br\/blog\/index.php\/2022\/08\/23\/sistema-de-radiologia-pacs-e-integracao-ris-pacs\/\"},\"author\":{\"name\":\"root\",\"@id\":\"https:\/\/transfer.med.br\/blog\/#\/schema\/person\/9321d2d6d3b67a6329e9cc416460de8c\"},\"headline\":\"Sistema de Radiologia PACS e Integra\u00e7\u00e3o RIS-PACS\",\"datePublished\":\"2022-08-23T09:53:45+00:00\",\"dateModified\":\"2022-08-23T12:41:57+00:00\",\"mainEntityOfPage\":{\"@id\":\"https:\/\/transfer.med.br\/blog\/index.php\/2022\/08\/23\/sistema-de-radiologia-pacs-e-integracao-ris-pacs\/\"},\"wordCount\":401,\"commentCount\":0,\"publisher\":{\"@id\":\"https:\/\/transfer.med.br\/blog\/#organization\"},\"inLanguage\":\"pt-BR\",\"potentialAction\":[{\"@type\":\"CommentAction\",\"name\":\"Comment\",\"target\":[\"https:\/\/transfer.med.br\/blog\/index.php\/2022\/08\/23\/sistema-de-radiologia-pacs-e-integracao-ris-pacs\/#respond\"]}]},{\"@type\":\"WebPage\",\"@id\":\"https:\/\/transfer.med.br\/blog\/index.php\/2022\/08\/23\/sistema-de-radiologia-pacs-e-integracao-ris-pacs\/\",\"url\":\"https:\/\/transfer.med.br\/blog\/index.php\/2022\/08\/23\/sistema-de-radiologia-pacs-e-integracao-ris-pacs\/\",\"name\":\"Sistema de Radiologia PACS e Integra\u00e7\u00e3o RIS-PACS - Blog das Cl\u00ednicas\",\"isPartOf\":{\"@id\":\"https:\/\/transfer.med.br\/blog\/#website\"},\"datePublished\":\"2022-08-23T09:53:45+00:00\",\"dateModified\":\"2022-08-23T12:41:57+00:00\",\"breadcrumb\":{\"@id\":\"https:\/\/transfer.med.br\/blog\/index.php\/2022\/08\/23\/sistema-de-radiologia-pacs-e-integracao-ris-pacs\/#breadcrumb\"},\"inLanguage\":\"pt-BR\",\"potentialAction\":[{\"@type\":\"ReadAction\",\"target\":[\"https:\/\/transfer.med.br\/blog\/index.php\/2022\/08\/23\/sistema-de-radiologia-pacs-e-integracao-ris-pacs\/\"]}]},{\"@type\":\"BreadcrumbList\",\"@id\":\"https:\/\/transfer.med.br\/blog\/index.php\/2022\/08\/23\/sistema-de-radiologia-pacs-e-integracao-ris-pacs\/#breadcrumb\",\"itemListElement\":[{\"@type\":\"ListItem\",\"position\":1,\"name\":\"In\u00edcio\",\"item\":\"https:\/\/transfer.med.br\/blog\/\"},{\"@type\":\"ListItem\",\"position\":2,\"name\":\"Sistema de Radiologia PACS e Integra\u00e7\u00e3o RIS-PACS\"}]},{\"@type\":\"WebSite\",\"@id\":\"https:\/\/transfer.med.br\/blog\/#website\",\"url\":\"https:\/\/transfer.med.br\/blog\/\",\"name\":\"Blog das Cl\u00ednicas\",\"description\":\"Artigos para cl\u00ednicas que desejam crescer\",\"publisher\":{\"@id\":\"https:\/\/transfer.med.br\/blog\/#organization\"},\"potentialAction\":[{\"@type\":\"SearchAction\",\"target\":{\"@type\":\"EntryPoint\",\"urlTemplate\":\"https:\/\/transfer.med.br\/blog\/?s={search_term_string}\"},\"query-input\":\"required name=search_term_string\"}],\"inLanguage\":\"pt-BR\"},{\"@type\":\"Organization\",\"@id\":\"https:\/\/transfer.med.br\/blog\/#organization\",\"name\":\"Blog das Cl\u00ednicas | Transfer.med.br\",\"url\":\"https:\/\/transfer.med.br\/blog\/\",\"sameAs\":[\"https:\/\/www.instagram.com\/transfer.med.br\/\",\"https:\/\/www.facebook.com\/transfermed\/\"],\"logo\":{\"@type\":\"ImageObject\",\"inLanguage\":\"pt-BR\",\"@id\":\"https:\/\/transfer.med.br\/blog\/#\/schema\/logo\/image\/\",\"url\":\"https:\/\/transfer.med.br\/blog\/wp-content\/uploads\/2022\/08\/l1.png\",\"contentUrl\":\"https:\/\/transfer.med.br\/blog\/wp-content\/uploads\/2022\/08\/l1.png\",\"width\":512,\"height\":512,\"caption\":\"Blog das Cl\u00ednicas | Transfer.med.br\"},\"image\":{\"@id\":\"https:\/\/transfer.med.br\/blog\/#\/schema\/logo\/image\/\"}},{\"@type\":\"Person\",\"@id\":\"https:\/\/transfer.med.br\/blog\/#\/schema\/person\/9321d2d6d3b67a6329e9cc416460de8c\",\"name\":\"root\",\"image\":{\"@type\":\"ImageObject\",\"inLanguage\":\"pt-BR\",\"@id\":\"https:\/\/transfer.med.br\/blog\/#\/schema\/person\/image\/\",\"url\":\"https:\/\/secure.gravatar.com\/avatar\/8cf6d9049aeb7932229352ab47b28308?s=96&d=mm&r=g\",\"contentUrl\":\"https:\/\/secure.gravatar.com\/avatar\/8cf6d9049aeb7932229352ab47b28308?s=96&d=mm&r=g\",\"caption\":\"root\"},\"sameAs\":[\"https:\/\/transfer.med.br\/blog\"],\"url\":\"https:\/\/transfer.med.br\/blog\/index.php\/author\/root\/\"}]}<\/script>\n<!-- \/ Yoast SEO plugin. -->","yoast_head_json":{"title":"Sistema de Radiologia PACS e Integra\u00e7\u00e3o RIS-PACS - Blog das Cl\u00ednicas","robots":{"index":"index","follow":"follow","max-snippet":"max-snippet:-1","max-image-preview":"max-image-preview:large","max-video-preview":"max-video-preview:-1"},"canonical":"https:\/\/transfer.med.br\/blog\/index.php\/2022\/08\/23\/sistema-de-radiologia-pacs-e-integracao-ris-pacs\/","og_locale":"pt_BR","og_type":"article","og_title":"Sistema de Radiologia PACS e Integra\u00e7\u00e3o RIS-PACS - Blog das Cl\u00ednicas","og_description":"O&nbsp;PACS, ou o&nbsp;sistema&nbsp;de arquivamento e comunica\u00e7\u00e3o de&nbsp;imagens, \u00e9 uma tecnologia que simplifica o armazenamento, o compartilhamento e a an\u00e1lise de imagens de pacientes e os registros muito mais simples. Comparado ao m\u00e9todo tradicional de usar filmes e discos, o PACS armazena imagens nos arquivos locais e em nuvem, para que os radiologistas possam acess\u00e1 -los &hellip; Sistema de Radiologia PACS e Integra\u00e7\u00e3o RIS-PACS Leia mais &raquo;","og_url":"https:\/\/transfer.med.br\/blog\/index.php\/2022\/08\/23\/sistema-de-radiologia-pacs-e-integracao-ris-pacs\/","og_site_name":"Blog das Cl\u00ednicas","article_publisher":"https:\/\/www.facebook.com\/transfermed\/","article_published_time":"2022-08-23T09:53:45+00:00","article_modified_time":"2022-08-23T12:41:57+00:00","og_image":[{"width":751,"height":408,"url":"https:\/\/transfer.med.br\/blog\/wp-content\/uploads\/2022\/08\/IMG_8721.png","type":"image\/png"}],"author":"root","twitter_card":"summary_large_image","twitter_misc":{"Escrito por":"root","Est. tempo de leitura":"2 minutos"},"schema":{"@context":"https:\/\/schema.org","@graph":[{"@type":"Article","@id":"https:\/\/transfer.med.br\/blog\/index.php\/2022\/08\/23\/sistema-de-radiologia-pacs-e-integracao-ris-pacs\/#article","isPartOf":{"@id":"https:\/\/transfer.med.br\/blog\/index.php\/2022\/08\/23\/sistema-de-radiologia-pacs-e-integracao-ris-pacs\/"},"author":{"name":"root","@id":"https:\/\/transfer.med.br\/blog\/#\/schema\/person\/9321d2d6d3b67a6329e9cc416460de8c"},"headline":"Sistema de Radiologia PACS e Integra\u00e7\u00e3o RIS-PACS","datePublished":"2022-08-23T09:53:45+00:00","dateModified":"2022-08-23T12:41:57+00:00","mainEntityOfPage":{"@id":"https:\/\/transfer.med.br\/blog\/index.php\/2022\/08\/23\/sistema-de-radiologia-pacs-e-integracao-ris-pacs\/"},"wordCount":401,"commentCount":0,"publisher":{"@id":"https:\/\/transfer.med.br\/blog\/#organization"},"inLanguage":"pt-BR","potentialAction":[{"@type":"CommentAction","name":"Comment","target":["https:\/\/transfer.med.br\/blog\/index.php\/2022\/08\/23\/sistema-de-radiologia-pacs-e-integracao-ris-pacs\/#respond"]}]},{"@type":"WebPage","@id":"https:\/\/transfer.med.br\/blog\/index.php\/2022\/08\/23\/sistema-de-radiologia-pacs-e-integracao-ris-pacs\/","url":"https:\/\/transfer.med.br\/blog\/index.php\/2022\/08\/23\/sistema-de-radiologia-pacs-e-integracao-ris-pacs\/","name":"Sistema de Radiologia PACS e Integra\u00e7\u00e3o RIS-PACS - Blog das Cl\u00ednicas","isPartOf":{"@id":"https:\/\/transfer.med.br\/blog\/#website"},"datePublished":"2022-08-23T09:53:45+00:00","dateModified":"2022-08-23T12:41:57+00:00","breadcrumb":{"@id":"https:\/\/transfer.med.br\/blog\/index.php\/2022\/08\/23\/sistema-de-radiologia-pacs-e-integracao-ris-pacs\/#breadcrumb"},"inLanguage":"pt-BR","potentialAction":[{"@type":"ReadAction","target":["https:\/\/transfer.med.br\/blog\/index.php\/2022\/08\/23\/sistema-de-radiologia-pacs-e-integracao-ris-pacs\/"]}]},{"@type":"BreadcrumbList","@id":"https:\/\/transfer.med.br\/blog\/index.php\/2022\/08\/23\/sistema-de-radiologia-pacs-e-integracao-ris-pacs\/#breadcrumb","itemListElement":[{"@type":"ListItem","position":1,"name":"In\u00edcio","item":"https:\/\/transfer.med.br\/blog\/"},{"@type":"ListItem","position":2,"name":"Sistema de Radiologia PACS e Integra\u00e7\u00e3o RIS-PACS"}]},{"@type":"WebSite","@id":"https:\/\/transfer.med.br\/blog\/#website","url":"https:\/\/transfer.med.br\/blog\/","name":"Blog das Cl\u00ednicas","description":"Artigos para cl\u00ednicas que desejam crescer","publisher":{"@id":"https:\/\/transfer.med.br\/blog\/#organization"},"potentialAction":[{"@type":"SearchAction","target":{"@type":"EntryPoint","urlTemplate":"https:\/\/transfer.med.br\/blog\/?s={search_term_string}"},"query-input":"required name=search_term_string"}],"inLanguage":"pt-BR"},{"@type":"Organization","@id":"https:\/\/transfer.med.br\/blog\/#organization","name":"Blog das Cl\u00ednicas | Transfer.med.br","url":"https:\/\/transfer.med.br\/blog\/","sameAs":["https:\/\/www.instagram.com\/transfer.med.br\/","https:\/\/www.facebook.com\/transfermed\/"],"logo":{"@type":"ImageObject","inLanguage":"pt-BR","@id":"https:\/\/transfer.med.br\/blog\/#\/schema\/logo\/image\/","url":"https:\/\/transfer.med.br\/blog\/wp-content\/uploads\/2022\/08\/l1.png","contentUrl":"https:\/\/transfer.med.br\/blog\/wp-content\/uploads\/2022\/08\/l1.png","width":512,"height":512,"caption":"Blog das Cl\u00ednicas | Transfer.med.br"},"image":{"@id":"https:\/\/transfer.med.br\/blog\/#\/schema\/logo\/image\/"}},{"@type":"Person","@id":"https:\/\/transfer.med.br\/blog\/#\/schema\/person\/9321d2d6d3b67a6329e9cc416460de8c","name":"root","image":{"@type":"ImageObject","inLanguage":"pt-BR","@id":"https:\/\/transfer.med.br\/blog\/#\/schema\/person\/image\/","url":"https:\/\/secure.gravatar.com\/avatar\/8cf6d9049aeb7932229352ab47b28308?s=96&d=mm&r=g","contentUrl":"https:\/\/secure.gravatar.com\/avatar\/8cf6d9049aeb7932229352ab47b28308?s=96&d=mm&r=g","caption":"root"},"sameAs":["https:\/\/transfer.med.br\/blog"],"url":"https:\/\/transfer.med.br\/blog\/index.php\/author\/root\/"}]}},"_links":{"self":[{"href":"https:\/\/transfer.med.br\/blog\/index.php\/wp-json\/wp\/v2\/posts\/20"}],"collection":[{"href":"https:\/\/transfer.med.br\/blog\/index.php\/wp-json\/wp\/v2\/posts"}],"about":[{"href":"https:\/\/transfer.med.br\/blog\/index.php\/wp-json\/wp\/v2\/types\/post"}],"author":[{"embeddable":true,"href":"https:\/\/transfer.med.br\/blog\/index.php\/wp-json\/wp\/v2\/users\/1"}],"replies":[{"embeddable":true,"href":"https:\/\/transfer.med.br\/blog\/index.php\/wp-json\/wp\/v2\/comments?post=20"}],"version-history":[{"count":1,"href":"https:\/\/transfer.med.br\/blog\/index.php\/wp-json\/wp\/v2\/posts\/20\/revisions"}],"predecessor-version":[{"id":21,"href":"https:\/\/transfer.med.br\/blog\/index.php\/wp-json\/wp\/v2\/posts\/20\/revisions\/21"}],"wp:featuredmedia":[{"embeddable":true,"href":"https:\/\/transfer.med.br\/blog\/index.php\/wp-json\/wp\/v2\/media\/34"}],"wp:attachment":[{"href":"https:\/\/transfer.med.br\/blog\/index.php\/wp-json\/wp\/v2\/media?parent=20"}],"wp:term":[{"taxonomy":"category","embeddable":true,"href":"https:\/\/transfer.med.br\/blog\/index.php\/wp-json\/wp\/v2\/categories?post=20"},{"taxonomy":"post_tag","embeddable":true,"href":"https:\/\/transfer.med.br\/blog\/index.php\/wp-json\/wp\/v2\/tags?post=20"}],"curies":[{"name":"wp","href":"https:\/\/api.w.org\/{rel}","templated":true}]}}